{"id":802,"date":"2018-02-16T17:15:53","date_gmt":"2018-02-16T16:15:53","guid":{"rendered":"http:\/\/www.quintbuchholz.de\/en\/?p=802"},"modified":"2018-07-18T16:19:57","modified_gmt":"2018-07-18T14:19:57","slug":"lights-off-night-in-picture-books-exhibition-at-the-rosenheim-municipal-gallery","status":"publish","type":"post","link":"https:\/\/www.quintbuchholz.de\/en\/2018\/02\/16\/lights-off-night-in-picture-books-exhibition-at-the-rosenheim-municipal-gallery\/","title":{"rendered":"&#8220;Lights off! Night in Picture books&#8221; &#8211; exhibition at the Rosenheim Municipal Gallery"},"content":{"rendered":"<p>From March 24 to June 10, 2018 a very special exhibition can once again be seen at the Rosenheim Municipal Gallery (St\u00e4dtische Galerie Rosenheim), where a series of illustration-in-picturebooks-themed events have been organized over the past several years.<\/p>\n<p>How many different facets does the night unite under its mantle? And how much light can be found even in darkness? Frequently there is something sinister, something frightening about it, with its ghosts and its nightmares &#8211; yet it is also a source of inspiration and imagination, especially to artists.<\/p>\n<p>Night has always been an important and complex theme in Quint Buchholz&#8217;s pictures. Thus it comes as no surprise that this collective exhibition will feature a large number of evening and night paintings by him, co-author of Doroth\u00e9e Kreusch-Jacob&#8217;s &#8220;Sun, Moon and Evening Star &#8211; the Great Collection of Lullabies&#8221; (Hanser, 2017). The oldest picture to be shown was created over thirty years ago &#8211; the newest ones are from 2017.<\/p>\n<p>Besides pictures by Quint Buchholz the exhibition, curated by literary critic and author Christine Kn\u00f6dler, will also feature works by Tatjana Hauptmann, Regina Kehn, Ole K\u00f6nnecke, Mattias de Leeuw, Sophia Martineck, Doroth\u00e9e de Monfreid, Nele Palmtag, Henriette Sauvant, Einar Turkowski, Julie V\u00f6lk, Henning Wagenbreth and Mehrdad Zaeri.<\/p>\n<p>More information will be posted here soon, and can also be found on the Rosenheim Municipal Gallery&#8217;s website.<\/p>\n<p>Location:<\/p>\n<p>St\u00e4dtische Galerie<br \/>\nMax-Bram-Platz 2<br \/>\n83022 Rosenheim<\/p>\n<p>Gallery hours:<\/p>\n<p>Tuesday to Friday, 10 am to 5 pm<br \/>\nSaturday and Sunday, 1 pm to 5 pm<\/p>\n<p style=\"text-align: left;\"><a href=\"http:\/\/www.quintbuchholz.de\/en\/wp-content\/uploads\/sites\/2\/2016\/01\/Giacomond.jpg\" data-rel=\"lightbox-image-0\" data-rl_title=\"($((\" data-rl_caption=\"\" title=\"($((\"><img data-attachment-id=\"194\" data-permalink=\"https:\/\/www.quintbuchholz.de\/en\/prints-etc\/postcards\/attachment\/194\/\" data-orig-file=\"https:\/\/www.quintbuchholz.de\/en\/wp-content\/uploads\/sites\/2\/2016\/01\/Giacomond.jpg\" data-orig-size=\"737,1000\" data-comments-opened=\"0\" data-image-meta=\"{&quot;aperture&quot;:&quot;0&quot;,&quot;credit&quot;:&quot;&quot;,&quot;camera&quot;:&quot;&quot;,&quot;caption&quot;:&quot;($((&quot;,&quot;created_timestamp&quot;:&quot;0&quot;,&quot;copyright&quot;:&quot;&quot;,&quot;focal_length&quot;:&quot;0&quot;,&quot;iso&quot;:&quot;0&quot;,&quot;shutter_speed&quot;:&quot;0&quot;,&quot;title&quot;:&quot;($((&quot;,&quot;orientation&quot;:&quot;0&quot;}\" data-image-title=\"($((\" data-image-description=\"\" data-image-caption=\"&lt;p&gt;($((&lt;\/p&gt;\n\" data-medium-file=\"https:\/\/www.quintbuchholz.de\/en\/wp-content\/uploads\/sites\/2\/2016\/01\/Giacomond-221x300.jpg\" data-large-file=\"https:\/\/www.quintbuchholz.de\/en\/wp-content\/uploads\/sites\/2\/2016\/01\/Giacomond.jpg\" class=\"alignleft wp-image-194\" src=\"http:\/\/www.quintbuchholz.de\/en\/wp-content\/uploads\/sites\/2\/2016\/01\/Giacomond-150x150.jpg\" alt=\"\" width=\"150\" height=\"150\" \/><\/a><a class=\"alignleft\" href=\"http:\/\/www.quintbuchholz.de\/en\/wp-content\/uploads\/sites\/2\/2018\/02\/Einstein-meets-Monroe_800-px.jpg\" data-rel=\"lightbox-image-1\" data-rl_title=\"\u00ed\u00ec\u00dc\u00ea\" data-rl_caption=\"\" title=\"\u00ed\u00ec\u00dc\u00ea\"><img data-attachment-id=\"808\" data-permalink=\"https:\/\/www.quintbuchholz.de\/en\/2018\/02\/16\/lights-off-night-in-picture-books-exhibition-at-the-rosenheim-municipal-gallery\/iiue\/\" data-orig-file=\"https:\/\/www.quintbuchholz.de\/en\/wp-content\/uploads\/sites\/2\/2018\/02\/Einstein-meets-Monroe_800-px.jpg\" data-orig-size=\"800,566\" data-comments-opened=\"0\" data-image-meta=\"{&quot;aperture&quot;:&quot;0&quot;,&quot;credit&quot;:&quot;&quot;,&quot;camera&quot;:&quot;&quot;,&quot;caption&quot;:&quot;\\u00ed\\u00ec\\u00dc\\u00ea&quot;,&quot;created_timestamp&quot;:&quot;0&quot;,&quot;copyright&quot;:&quot;&quot;,&quot;focal_length&quot;:&quot;0&quot;,&quot;iso&quot;:&quot;0&quot;,&quot;shutter_speed&quot;:&quot;0&quot;,&quot;title&quot;:&quot;\\u00ed\\u00ec\\u00dc\\u00ea&quot;,&quot;orientation&quot;:&quot;1&quot;}\" data-image-title=\"\u00ed\u00ec\u00dc\u00ea\" data-image-description=\"\" data-image-caption=\"&lt;p&gt;\u00ed\u00ec\u00dc\u00ea&lt;\/p&gt;\n\" data-medium-file=\"https:\/\/www.quintbuchholz.de\/en\/wp-content\/uploads\/sites\/2\/2018\/02\/Einstein-meets-Monroe_800-px-300x212.jpg\" data-large-file=\"https:\/\/www.quintbuchholz.de\/en\/wp-content\/uploads\/sites\/2\/2018\/02\/Einstein-meets-Monroe_800-px.jpg\" class=\" wp-image-808\" src=\"http:\/\/www.quintbuchholz.de\/en\/wp-content\/uploads\/sites\/2\/2018\/02\/Einstein-meets-Monroe_800-px-150x150.jpg\" alt=\"\" width=\"150\" height=\"150\" \/><\/a><\/p>\n<p>&nbsp;<\/p>\n<p>&nbsp;<\/p>\n<p>&nbsp;<\/p>\n<p>&nbsp;<\/p>\n","protected":false},"excerpt":{"rendered":"<p>From March 24 to June 10, 2018 a very special exhibition can once again be seen at the Rosenheim Municipal Gallery (St\u00e4dtische Galerie Rosenheim), where a series of illustration-in-picturebooks-themed events have been organized over the past several years. How many different facets does the night unite under its mantle? And how much light can be [&hellip;]<\/p>\n","protected":false},"author":1,"featured_media":614,"comment_status":"closed","ping_status":"closed","sticky":false,"template":"","format":"standard","meta":{"jetpack_post_was_ever_published":false},"categories":[1],"tags":[],"yoast_head":"<!-- This site is optimized with the Yoast SEO plugin v19.9 - https:\/\/yoast.com\/wordpress\/plugins\/seo\/ -->\n<title>&quot;Lights off! Night in Picture books&quot; - exhibition at the Rosenheim Municipal Gallery | Quint Buchholz<\/title>\n<meta name=\"robots\" content=\"index, follow, max-snippet:-1, max-image-preview:large, max-video-preview:-1\" \/>\n<link rel=\"canonical\" href=\"https:\/\/www.quintbuchholz.de\/en\/2018\/02\/16\/lights-off-night-in-picture-books-exhibition-at-the-rosenheim-municipal-gallery\/\" \/>\n<meta property=\"og:locale\" content=\"en_US\" \/>\n<meta property=\"og:type\" content=\"article\" \/>\n<meta property=\"og:title\" content=\"&quot;Lights off! Night in Picture books&quot; - exhibition at the Rosenheim Municipal Gallery | Quint Buchholz\" \/>\n<meta property=\"og:description\" content=\"From March 24 to June 10, 2018 a very special exhibition can once again be seen at the Rosenheim Municipal Gallery (St\u00e4dtische Galerie Rosenheim), where a series of illustration-in-picturebooks-themed events have been organized over the past several years. How many different facets does the night unite under its mantle? And how much light can be [&hellip;]\" \/>\n<meta property=\"og:url\" content=\"https:\/\/www.quintbuchholz.de\/en\/2018\/02\/16\/lights-off-night-in-picture-books-exhibition-at-the-rosenheim-municipal-gallery\/\" \/>\n<meta property=\"og:site_name\" content=\"Quint Buchholz\" \/>\n<meta property=\"article:published_time\" content=\"2018-02-16T16:15:53+00:00\" \/>\n<meta property=\"article:modified_time\" content=\"2018-07-18T14:19:57+00:00\" \/>\n<meta property=\"og:image\" content=\"https:\/\/www.quintbuchholz.de\/en\/wp-content\/uploads\/sites\/2\/2017\/05\/Nachtmusik_2017.jpg\" \/>\n\t<meta property=\"og:image:width\" content=\"758\" \/>\n\t<meta property=\"og:image:height\" content=\"1000\" \/>\n\t<meta property=\"og:image:type\" content=\"image\/jpeg\" \/>\n<meta name=\"author\" content=\"Quint Buchholz\" \/>\n<meta name=\"twitter:card\" content=\"summary_large_image\" \/>\n<meta name=\"twitter:label1\" content=\"Written by\" \/>\n\t<meta name=\"twitter:data1\" content=\"Quint Buchholz\" \/>\n\t<meta name=\"twitter:label2\" content=\"Est. reading time\" \/>\n\t<meta name=\"twitter:data2\" content=\"1 minute\" \/>\n<script type=\"application\/ld+json\" class=\"yoast-schema-graph\">{\"@context\":\"https:\/\/schema.org\",\"@graph\":[{\"@type\":\"Article\",\"@id\":\"https:\/\/www.quintbuchholz.de\/en\/2018\/02\/16\/lights-off-night-in-picture-books-exhibition-at-the-rosenheim-municipal-gallery\/#article\",\"isPartOf\":{\"@id\":\"https:\/\/www.quintbuchholz.de\/en\/2018\/02\/16\/lights-off-night-in-picture-books-exhibition-at-the-rosenheim-municipal-gallery\/\"},\"author\":{\"name\":\"Quint Buchholz\",\"@id\":\"https:\/\/www.quintbuchholz.de\/en\/#\/schema\/person\/09ac99d18f838bb403752c1cbf3b2388\"},\"headline\":\"&#8220;Lights off! Night in Picture books&#8221; &#8211; exhibition at the Rosenheim Municipal Gallery\",\"datePublished\":\"2018-02-16T16:15:53+00:00\",\"dateModified\":\"2018-07-18T14:19:57+00:00\",\"mainEntityOfPage\":{\"@id\":\"https:\/\/www.quintbuchholz.de\/en\/2018\/02\/16\/lights-off-night-in-picture-books-exhibition-at-the-rosenheim-municipal-gallery\/\"},\"wordCount\":265,\"publisher\":{\"@id\":\"https:\/\/www.quintbuchholz.de\/en\/#\/schema\/person\/09ac99d18f838bb403752c1cbf3b2388\"},\"articleSection\":[\"General\"],\"inLanguage\":\"en-US\"},{\"@type\":\"WebPage\",\"@id\":\"https:\/\/www.quintbuchholz.de\/en\/2018\/02\/16\/lights-off-night-in-picture-books-exhibition-at-the-rosenheim-municipal-gallery\/\",\"url\":\"https:\/\/www.quintbuchholz.de\/en\/2018\/02\/16\/lights-off-night-in-picture-books-exhibition-at-the-rosenheim-municipal-gallery\/\",\"name\":\"\\\"Lights off! Night in Picture books\\\" - exhibition at the Rosenheim Municipal Gallery | Quint Buchholz\",\"isPartOf\":{\"@id\":\"https:\/\/www.quintbuchholz.de\/en\/#website\"},\"datePublished\":\"2018-02-16T16:15:53+00:00\",\"dateModified\":\"2018-07-18T14:19:57+00:00\",\"breadcrumb\":{\"@id\":\"https:\/\/www.quintbuchholz.de\/en\/2018\/02\/16\/lights-off-night-in-picture-books-exhibition-at-the-rosenheim-municipal-gallery\/#breadcrumb\"},\"inLanguage\":\"en-US\",\"potentialAction\":[{\"@type\":\"ReadAction\",\"target\":[\"https:\/\/www.quintbuchholz.de\/en\/2018\/02\/16\/lights-off-night-in-picture-books-exhibition-at-the-rosenheim-municipal-gallery\/\"]}]},{\"@type\":\"BreadcrumbList\",\"@id\":\"https:\/\/www.quintbuchholz.de\/en\/2018\/02\/16\/lights-off-night-in-picture-books-exhibition-at-the-rosenheim-municipal-gallery\/#breadcrumb\",\"itemListElement\":[{\"@type\":\"ListItem\",\"position\":1,\"name\":\"Startseite\",\"item\":\"https:\/\/www.quintbuchholz.de\/en\/\"},{\"@type\":\"ListItem\",\"position\":2,\"name\":\"&#8220;Lights off! Night in Picture books&#8221; &#8211; exhibition at the Rosenheim Municipal Gallery\"}]},{\"@type\":\"WebSite\",\"@id\":\"https:\/\/www.quintbuchholz.de\/en\/#website\",\"url\":\"https:\/\/www.quintbuchholz.de\/en\/\",\"name\":\"Quint Buchholz\",\"description\":\"\",\"publisher\":{\"@id\":\"https:\/\/www.quintbuchholz.de\/en\/#\/schema\/person\/09ac99d18f838bb403752c1cbf3b2388\"},\"potentialAction\":[{\"@type\":\"SearchAction\",\"target\":{\"@type\":\"EntryPoint\",\"urlTemplate\":\"https:\/\/www.quintbuchholz.de\/en\/?s={search_term_string}\"},\"query-input\":\"required name=search_term_string\"}],\"inLanguage\":\"en-US\"},{\"@type\":[\"Person\",\"Organization\"],\"@id\":\"https:\/\/www.quintbuchholz.de\/en\/#\/schema\/person\/09ac99d18f838bb403752c1cbf3b2388\",\"name\":\"Quint Buchholz\",\"image\":{\"@type\":\"ImageObject\",\"inLanguage\":\"en-US\",\"@id\":\"https:\/\/www.quintbuchholz.de\/en\/#\/schema\/person\/image\/\",\"url\":\"https:\/\/secure.gravatar.com\/avatar\/4a284f48ea909d7b59ef1a93da122743?s=96&d=mm&r=g\",\"contentUrl\":\"https:\/\/secure.gravatar.com\/avatar\/4a284f48ea909d7b59ef1a93da122743?s=96&d=mm&r=g\",\"caption\":\"Quint Buchholz\"},\"logo\":{\"@id\":\"https:\/\/www.quintbuchholz.de\/en\/#\/schema\/person\/image\/\"},\"url\":\"https:\/\/www.quintbuchholz.de\/en\/author\/quint\/\"}]}<\/script>\n<!-- \/ Yoast SEO plugin. -->","yoast_head_json":{"title":"\"Lights off! Night in Picture books\" - exhibition at the Rosenheim Municipal Gallery | Quint Buchholz","robots":{"index":"index","follow":"follow","max-snippet":"max-snippet:-1","max-image-preview":"max-image-preview:large","max-video-preview":"max-video-preview:-1"},"canonical":"https:\/\/www.quintbuchholz.de\/en\/2018\/02\/16\/lights-off-night-in-picture-books-exhibition-at-the-rosenheim-municipal-gallery\/","og_locale":"en_US","og_type":"article","og_title":"\"Lights off! Night in Picture books\" - exhibition at the Rosenheim Municipal Gallery | Quint Buchholz","og_description":"From March 24 to June 10, 2018 a very special exhibition can once again be seen at the Rosenheim Municipal Gallery (St\u00e4dtische Galerie Rosenheim), where a series of illustration-in-picturebooks-themed events have been organized over the past several years. How many different facets does the night unite under its mantle? And how much light can be [&hellip;]","og_url":"https:\/\/www.quintbuchholz.de\/en\/2018\/02\/16\/lights-off-night-in-picture-books-exhibition-at-the-rosenheim-municipal-gallery\/","og_site_name":"Quint Buchholz","article_published_time":"2018-02-16T16:15:53+00:00","article_modified_time":"2018-07-18T14:19:57+00:00","og_image":[{"width":758,"height":1000,"url":"https:\/\/www.quintbuchholz.de\/en\/wp-content\/uploads\/sites\/2\/2017\/05\/Nachtmusik_2017.jpg","type":"image\/jpeg"}],"author":"Quint Buchholz","twitter_card":"summary_large_image","twitter_misc":{"Written by":"Quint Buchholz","Est. reading time":"1 minute"},"schema":{"@context":"https:\/\/schema.org","@graph":[{"@type":"Article","@id":"https:\/\/www.quintbuchholz.de\/en\/2018\/02\/16\/lights-off-night-in-picture-books-exhibition-at-the-rosenheim-municipal-gallery\/#article","isPartOf":{"@id":"https:\/\/www.quintbuchholz.de\/en\/2018\/02\/16\/lights-off-night-in-picture-books-exhibition-at-the-rosenheim-municipal-gallery\/"},"author":{"name":"Quint Buchholz","@id":"https:\/\/www.quintbuchholz.de\/en\/#\/schema\/person\/09ac99d18f838bb403752c1cbf3b2388"},"headline":"&#8220;Lights off! Night in Picture books&#8221; &#8211; exhibition at the Rosenheim Municipal Gallery","datePublished":"2018-02-16T16:15:53+00:00","dateModified":"2018-07-18T14:19:57+00:00","mainEntityOfPage":{"@id":"https:\/\/www.quintbuchholz.de\/en\/2018\/02\/16\/lights-off-night-in-picture-books-exhibition-at-the-rosenheim-municipal-gallery\/"},"wordCount":265,"publisher":{"@id":"https:\/\/www.quintbuchholz.de\/en\/#\/schema\/person\/09ac99d18f838bb403752c1cbf3b2388"},"articleSection":["General"],"inLanguage":"en-US"},{"@type":"WebPage","@id":"https:\/\/www.quintbuchholz.de\/en\/2018\/02\/16\/lights-off-night-in-picture-books-exhibition-at-the-rosenheim-municipal-gallery\/","url":"https:\/\/www.quintbuchholz.de\/en\/2018\/02\/16\/lights-off-night-in-picture-books-exhibition-at-the-rosenheim-municipal-gallery\/","name":"\"Lights off! Night in Picture books\" - exhibition at the Rosenheim Municipal Gallery | Quint Buchholz","isPartOf":{"@id":"https:\/\/www.quintbuchholz.de\/en\/#website"},"datePublished":"2018-02-16T16:15:53+00:00","dateModified":"2018-07-18T14:19:57+00:00","breadcrumb":{"@id":"https:\/\/www.quintbuchholz.de\/en\/2018\/02\/16\/lights-off-night-in-picture-books-exhibition-at-the-rosenheim-municipal-gallery\/#breadcrumb"},"inLanguage":"en-US","potentialAction":[{"@type":"ReadAction","target":["https:\/\/www.quintbuchholz.de\/en\/2018\/02\/16\/lights-off-night-in-picture-books-exhibition-at-the-rosenheim-municipal-gallery\/"]}]},{"@type":"BreadcrumbList","@id":"https:\/\/www.quintbuchholz.de\/en\/2018\/02\/16\/lights-off-night-in-picture-books-exhibition-at-the-rosenheim-municipal-gallery\/#breadcrumb","itemListElement":[{"@type":"ListItem","position":1,"name":"Startseite","item":"https:\/\/www.quintbuchholz.de\/en\/"},{"@type":"ListItem","position":2,"name":"&#8220;Lights off! Night in Picture books&#8221; &#8211; exhibition at the Rosenheim Municipal Gallery"}]},{"@type":"WebSite","@id":"https:\/\/www.quintbuchholz.de\/en\/#website","url":"https:\/\/www.quintbuchholz.de\/en\/","name":"Quint Buchholz","description":"","publisher":{"@id":"https:\/\/www.quintbuchholz.de\/en\/#\/schema\/person\/09ac99d18f838bb403752c1cbf3b2388"},"potentialAction":[{"@type":"SearchAction","target":{"@type":"EntryPoint","urlTemplate":"https:\/\/www.quintbuchholz.de\/en\/?s={search_term_string}"},"query-input":"required name=search_term_string"}],"inLanguage":"en-US"},{"@type":["Person","Organization"],"@id":"https:\/\/www.quintbuchholz.de\/en\/#\/schema\/person\/09ac99d18f838bb403752c1cbf3b2388","name":"Quint Buchholz","image":{"@type":"ImageObject","inLanguage":"en-US","@id":"https:\/\/www.quintbuchholz.de\/en\/#\/schema\/person\/image\/","url":"https:\/\/secure.gravatar.com\/avatar\/4a284f48ea909d7b59ef1a93da122743?s=96&d=mm&r=g","contentUrl":"https:\/\/secure.gravatar.com\/avatar\/4a284f48ea909d7b59ef1a93da122743?s=96&d=mm&r=g","caption":"Quint Buchholz"},"logo":{"@id":"https:\/\/www.quintbuchholz.de\/en\/#\/schema\/person\/image\/"},"url":"https:\/\/www.quintbuchholz.de\/en\/author\/quint\/"}]}},"jetpack_featured_media_url":"https:\/\/www.quintbuchholz.de\/en\/wp-content\/uploads\/sites\/2\/2017\/05\/Nachtmusik_2017.jpg","jetpack_shortlink":"https:\/\/wp.me\/p75aCj-cW","_links":{"self":[{"href":"https:\/\/www.quintbuchholz.de\/en\/wp-json\/wp\/v2\/posts\/802"}],"collection":[{"href":"https:\/\/www.quintbuchholz.de\/en\/wp-json\/wp\/v2\/posts"}],"about":[{"href":"https:\/\/www.quintbuchholz.de\/en\/wp-json\/wp\/v2\/types\/post"}],"author":[{"embeddable":true,"href":"https:\/\/www.quintbuchholz.de\/en\/wp-json\/wp\/v2\/users\/1"}],"replies":[{"embeddable":true,"href":"https:\/\/www.quintbuchholz.de\/en\/wp-json\/wp\/v2\/comments?post=802"}],"version-history":[{"count":11,"href":"https:\/\/www.quintbuchholz.de\/en\/wp-json\/wp\/v2\/posts\/802\/revisions"}],"predecessor-version":[{"id":821,"href":"https:\/\/www.quintbuchholz.de\/en\/wp-json\/wp\/v2\/posts\/802\/revisions\/821"}],"wp:featuredmedia":[{"embeddable":true,"href":"https:\/\/www.quintbuchholz.de\/en\/wp-json\/wp\/v2\/media\/614"}],"wp:attachment":[{"href":"https:\/\/www.quintbuchholz.de\/en\/wp-json\/wp\/v2\/media?parent=802"}],"wp:term":[{"taxonomy":"category","embeddable":true,"href":"https:\/\/www.quintbuchholz.de\/en\/wp-json\/wp\/v2\/categories?post=802"},{"taxonomy":"post_tag","embeddable":true,"href":"https:\/\/www.quintbuchholz.de\/en\/wp-json\/wp\/v2\/tags?post=802"}],"curies":[{"name":"wp","href":"https:\/\/api.w.org\/{rel}","templated":true}]}}