{"id":134,"date":"2016-01-01T12:25:08","date_gmt":"2016-01-01T11:25:08","guid":{"rendered":"http:\/\/wp12497006.server-he.de\/en\/?p=134"},"modified":"2021-01-15T17:32:42","modified_gmt":"2021-01-15T16:32:42","slug":"draughtsmen-in-defence-of-freedom-of-expression","status":"publish","type":"post","link":"https:\/\/www.quintbuchholz.de\/en\/2016\/01\/01\/draughtsmen-in-defence-of-freedom-of-expression\/","title":{"rendered":"Draughtsmen in Defence of Freedom of Expression"},"content":{"rendered":"<p class=\"p1\"><span class=\"s1\">Twenty-nine draughtsmen and women collaborating on a book project initiated and edited by Klaus Humann. With a preface by Andreas Platthaus (FAZ). The pictures in it were done within a few days of each other in January 2015, just a short time after the Paris attack.<\/span><\/p>\n<p class=\"p1\"><span class=\"s1\">Aladin Verlag is publishing the book on 12th February 2015, all profits to go to the PEN &#8220;Writers in Prison&#8221; campaign.<\/span><\/p>\n<p class=\"p1\"><span class=\"s1\">The contributors are: ATAK, Jutta Bauer, Larissa Bertonasco, Quint Buchholz, Flix, Bob Graham, Nikolaus Heidelbach, David Hughes, Janosch, Joelle Jolivet, Ulf K., Regina Kehn, Reinhard Kleist, Ole K\u00f6nnecke, Isabel Kreitz, Marine Ludin, Ulli Lust, Hildegard M\u00fcller, Thomas M. M\u00fcller, Christoph Niemann, Moni Port, Chris Riddell, Axel Scheffler, Peter S\u00eds, Ralph Steadman, Philip W\u00e4chter, David Wiesner, Sabine Wilharm and Barbara Yelin.<\/span><\/p>\n<p class=\"p1\"><span class=\"s1\">You can click to see Quint Bucholz&#8217;s picture below, another picture on the theme, but not in the book, is <a href=\"http:\/\/www.quintbuchholz.de\/typo3temp\/yag\/15\/1571x54d4b07fe69.jpg\" data-rel=\"lightbox-image-0\" data-rl_title=\"\" data-rl_caption=\"\" title=\"\"><span class=\"s2\">here<\/span><\/a>.<\/span><\/p>\n<p class=\"p1\"><span class=\"s1\">There is more about the book on the <a href=\"http:\/\/www.aladin-verlag.de\/programm\/detailansicht--Zeichner+verteidigen+die+Meinungsfreiheit_635.html\"><span class=\"s2\">Aladin Verlag website<\/span><\/a>.<\/span><\/p>\n<p class=\"p1\"><span class=\"s1\">&#8220;Zeichner verteidigen die Meinungsfreiheit&#8221;<br \/>\n(Draughsmen in Defence of Freedom of Expression)<br \/>\nKlaus Humann (Editor)<br \/>\nHardcover 48 pages<br \/>\n\u20ac 12,90 (Germany)<br \/>\nISBN: 978-3-8489-2070-9<\/span><\/p>\n<p class=\"p1\">\n","protected":false},"excerpt":{"rendered":"<p>Twenty-nine draughtsmen and women collaborating on a book project initiated and edited by Klaus Humann. With a preface by Andreas Platthaus (FAZ). The pictures in it were done within a few days of each other in January 2015, just a short time after the Paris attack. Aladin Verlag is publishing the book on 12th February [&hellip;]<\/p>\n","protected":false},"author":1,"featured_media":149,"comment_status":"closed","ping_status":"closed","sticky":false,"template":"","format":"standard","meta":{"jetpack_post_was_ever_published":false},"categories":[1],"tags":[],"yoast_head":"<!-- This site is optimized with the Yoast SEO plugin v19.9 - https:\/\/yoast.com\/wordpress\/plugins\/seo\/ -->\n<title>Draughtsmen in Defence of Freedom of Expression | Quint Buchholz<\/title>\n<meta name=\"robots\" content=\"index, follow, max-snippet:-1, max-image-preview:large, max-video-preview:-1\" \/>\n<link rel=\"canonical\" href=\"https:\/\/www.quintbuchholz.de\/en\/2016\/01\/01\/draughtsmen-in-defence-of-freedom-of-expression\/\" \/>\n<meta property=\"og:locale\" content=\"en_US\" \/>\n<meta property=\"og:type\" content=\"article\" \/>\n<meta property=\"og:title\" content=\"Draughtsmen in Defence of Freedom of Expression | Quint Buchholz\" \/>\n<meta property=\"og:description\" content=\"Twenty-nine draughtsmen and women collaborating on a book project initiated and edited by Klaus Humann. With a preface by Andreas Platthaus (FAZ). The pictures in it were done within a few days of each other in January 2015, just a short time after the Paris attack. Aladin Verlag is publishing the book on 12th February [&hellip;]\" \/>\n<meta property=\"og:url\" content=\"https:\/\/www.quintbuchholz.de\/en\/2016\/01\/01\/draughtsmen-in-defence-of-freedom-of-expression\/\" \/>\n<meta property=\"og:site_name\" content=\"Quint Buchholz\" \/>\n<meta property=\"article:published_time\" content=\"2016-01-01T11:25:08+00:00\" \/>\n<meta property=\"article:modified_time\" content=\"2021-01-15T16:32:42+00:00\" \/>\n<meta property=\"og:image\" content=\"https:\/\/www.quintbuchholz.de\/en\/wp-content\/uploads\/sites\/2\/2016\/01\/1576x54d4b682e04.jpg\" \/>\n\t<meta property=\"og:image:width\" content=\"426\" \/>\n\t<meta property=\"og:image:height\" content=\"600\" \/>\n\t<meta property=\"og:image:type\" content=\"image\/jpeg\" \/>\n<meta name=\"author\" content=\"Quint Buchholz\" \/>\n<meta name=\"twitter:card\" content=\"summary_large_image\" \/>\n<meta name=\"twitter:label1\" content=\"Written by\" \/>\n\t<meta name=\"twitter:data1\" content=\"Quint Buchholz\" \/>\n\t<meta name=\"twitter:label2\" content=\"Est. reading time\" \/>\n\t<meta name=\"twitter:data2\" content=\"1 minute\" \/>\n<script type=\"application\/ld+json\" class=\"yoast-schema-graph\">{\"@context\":\"https:\/\/schema.org\",\"@graph\":[{\"@type\":\"Article\",\"@id\":\"https:\/\/www.quintbuchholz.de\/en\/2016\/01\/01\/draughtsmen-in-defence-of-freedom-of-expression\/#article\",\"isPartOf\":{\"@id\":\"https:\/\/www.quintbuchholz.de\/en\/2016\/01\/01\/draughtsmen-in-defence-of-freedom-of-expression\/\"},\"author\":{\"name\":\"Quint Buchholz\",\"@id\":\"https:\/\/www.quintbuchholz.de\/en\/#\/schema\/person\/09ac99d18f838bb403752c1cbf3b2388\"},\"headline\":\"Draughtsmen in Defence of Freedom of Expression\",\"datePublished\":\"2016-01-01T11:25:08+00:00\",\"dateModified\":\"2021-01-15T16:32:42+00:00\",\"mainEntityOfPage\":{\"@id\":\"https:\/\/www.quintbuchholz.de\/en\/2016\/01\/01\/draughtsmen-in-defence-of-freedom-of-expression\/\"},\"wordCount\":192,\"publisher\":{\"@id\":\"https:\/\/www.quintbuchholz.de\/en\/#\/schema\/person\/09ac99d18f838bb403752c1cbf3b2388\"},\"articleSection\":[\"General\"],\"inLanguage\":\"en-US\"},{\"@type\":\"WebPage\",\"@id\":\"https:\/\/www.quintbuchholz.de\/en\/2016\/01\/01\/draughtsmen-in-defence-of-freedom-of-expression\/\",\"url\":\"https:\/\/www.quintbuchholz.de\/en\/2016\/01\/01\/draughtsmen-in-defence-of-freedom-of-expression\/\",\"name\":\"Draughtsmen in Defence of Freedom of Expression | Quint Buchholz\",\"isPartOf\":{\"@id\":\"https:\/\/www.quintbuchholz.de\/en\/#website\"},\"datePublished\":\"2016-01-01T11:25:08+00:00\",\"dateModified\":\"2021-01-15T16:32:42+00:00\",\"breadcrumb\":{\"@id\":\"https:\/\/www.quintbuchholz.de\/en\/2016\/01\/01\/draughtsmen-in-defence-of-freedom-of-expression\/#breadcrumb\"},\"inLanguage\":\"en-US\",\"potentialAction\":[{\"@type\":\"ReadAction\",\"target\":[\"https:\/\/www.quintbuchholz.de\/en\/2016\/01\/01\/draughtsmen-in-defence-of-freedom-of-expression\/\"]}]},{\"@type\":\"BreadcrumbList\",\"@id\":\"https:\/\/www.quintbuchholz.de\/en\/2016\/01\/01\/draughtsmen-in-defence-of-freedom-of-expression\/#breadcrumb\",\"itemListElement\":[{\"@type\":\"ListItem\",\"position\":1,\"name\":\"Startseite\",\"item\":\"https:\/\/www.quintbuchholz.de\/en\/\"},{\"@type\":\"ListItem\",\"position\":2,\"name\":\"Draughtsmen in Defence of Freedom of Expression\"}]},{\"@type\":\"WebSite\",\"@id\":\"https:\/\/www.quintbuchholz.de\/en\/#website\",\"url\":\"https:\/\/www.quintbuchholz.de\/en\/\",\"name\":\"Quint Buchholz\",\"description\":\"\",\"publisher\":{\"@id\":\"https:\/\/www.quintbuchholz.de\/en\/#\/schema\/person\/09ac99d18f838bb403752c1cbf3b2388\"},\"potentialAction\":[{\"@type\":\"SearchAction\",\"target\":{\"@type\":\"EntryPoint\",\"urlTemplate\":\"https:\/\/www.quintbuchholz.de\/en\/?s={search_term_string}\"},\"query-input\":\"required name=search_term_string\"}],\"inLanguage\":\"en-US\"},{\"@type\":[\"Person\",\"Organization\"],\"@id\":\"https:\/\/www.quintbuchholz.de\/en\/#\/schema\/person\/09ac99d18f838bb403752c1cbf3b2388\",\"name\":\"Quint Buchholz\",\"image\":{\"@type\":\"ImageObject\",\"inLanguage\":\"en-US\",\"@id\":\"https:\/\/www.quintbuchholz.de\/en\/#\/schema\/person\/image\/\",\"url\":\"https:\/\/secure.gravatar.com\/avatar\/4a284f48ea909d7b59ef1a93da122743?s=96&d=mm&r=g\",\"contentUrl\":\"https:\/\/secure.gravatar.com\/avatar\/4a284f48ea909d7b59ef1a93da122743?s=96&d=mm&r=g\",\"caption\":\"Quint Buchholz\"},\"logo\":{\"@id\":\"https:\/\/www.quintbuchholz.de\/en\/#\/schema\/person\/image\/\"},\"url\":\"https:\/\/www.quintbuchholz.de\/en\/author\/quint\/\"}]}<\/script>\n<!-- \/ Yoast SEO plugin. -->","yoast_head_json":{"title":"Draughtsmen in Defence of Freedom of Expression | Quint Buchholz","robots":{"index":"index","follow":"follow","max-snippet":"max-snippet:-1","max-image-preview":"max-image-preview:large","max-video-preview":"max-video-preview:-1"},"canonical":"https:\/\/www.quintbuchholz.de\/en\/2016\/01\/01\/draughtsmen-in-defence-of-freedom-of-expression\/","og_locale":"en_US","og_type":"article","og_title":"Draughtsmen in Defence of Freedom of Expression | Quint Buchholz","og_description":"Twenty-nine draughtsmen and women collaborating on a book project initiated and edited by Klaus Humann. With a preface by Andreas Platthaus (FAZ). The pictures in it were done within a few days of each other in January 2015, just a short time after the Paris attack. Aladin Verlag is publishing the book on 12th February [&hellip;]","og_url":"https:\/\/www.quintbuchholz.de\/en\/2016\/01\/01\/draughtsmen-in-defence-of-freedom-of-expression\/","og_site_name":"Quint Buchholz","article_published_time":"2016-01-01T11:25:08+00:00","article_modified_time":"2021-01-15T16:32:42+00:00","og_image":[{"width":426,"height":600,"url":"https:\/\/www.quintbuchholz.de\/en\/wp-content\/uploads\/sites\/2\/2016\/01\/1576x54d4b682e04.jpg","type":"image\/jpeg"}],"author":"Quint Buchholz","twitter_card":"summary_large_image","twitter_misc":{"Written by":"Quint Buchholz","Est. reading time":"1 minute"},"schema":{"@context":"https:\/\/schema.org","@graph":[{"@type":"Article","@id":"https:\/\/www.quintbuchholz.de\/en\/2016\/01\/01\/draughtsmen-in-defence-of-freedom-of-expression\/#article","isPartOf":{"@id":"https:\/\/www.quintbuchholz.de\/en\/2016\/01\/01\/draughtsmen-in-defence-of-freedom-of-expression\/"},"author":{"name":"Quint Buchholz","@id":"https:\/\/www.quintbuchholz.de\/en\/#\/schema\/person\/09ac99d18f838bb403752c1cbf3b2388"},"headline":"Draughtsmen in Defence of Freedom of Expression","datePublished":"2016-01-01T11:25:08+00:00","dateModified":"2021-01-15T16:32:42+00:00","mainEntityOfPage":{"@id":"https:\/\/www.quintbuchholz.de\/en\/2016\/01\/01\/draughtsmen-in-defence-of-freedom-of-expression\/"},"wordCount":192,"publisher":{"@id":"https:\/\/www.quintbuchholz.de\/en\/#\/schema\/person\/09ac99d18f838bb403752c1cbf3b2388"},"articleSection":["General"],"inLanguage":"en-US"},{"@type":"WebPage","@id":"https:\/\/www.quintbuchholz.de\/en\/2016\/01\/01\/draughtsmen-in-defence-of-freedom-of-expression\/","url":"https:\/\/www.quintbuchholz.de\/en\/2016\/01\/01\/draughtsmen-in-defence-of-freedom-of-expression\/","name":"Draughtsmen in Defence of Freedom of Expression | Quint Buchholz","isPartOf":{"@id":"https:\/\/www.quintbuchholz.de\/en\/#website"},"datePublished":"2016-01-01T11:25:08+00:00","dateModified":"2021-01-15T16:32:42+00:00","breadcrumb":{"@id":"https:\/\/www.quintbuchholz.de\/en\/2016\/01\/01\/draughtsmen-in-defence-of-freedom-of-expression\/#breadcrumb"},"inLanguage":"en-US","potentialAction":[{"@type":"ReadAction","target":["https:\/\/www.quintbuchholz.de\/en\/2016\/01\/01\/draughtsmen-in-defence-of-freedom-of-expression\/"]}]},{"@type":"BreadcrumbList","@id":"https:\/\/www.quintbuchholz.de\/en\/2016\/01\/01\/draughtsmen-in-defence-of-freedom-of-expression\/#breadcrumb","itemListElement":[{"@type":"ListItem","position":1,"name":"Startseite","item":"https:\/\/www.quintbuchholz.de\/en\/"},{"@type":"ListItem","position":2,"name":"Draughtsmen in Defence of Freedom of Expression"}]},{"@type":"WebSite","@id":"https:\/\/www.quintbuchholz.de\/en\/#website","url":"https:\/\/www.quintbuchholz.de\/en\/","name":"Quint Buchholz","description":"","publisher":{"@id":"https:\/\/www.quintbuchholz.de\/en\/#\/schema\/person\/09ac99d18f838bb403752c1cbf3b2388"},"potentialAction":[{"@type":"SearchAction","target":{"@type":"EntryPoint","urlTemplate":"https:\/\/www.quintbuchholz.de\/en\/?s={search_term_string}"},"query-input":"required name=search_term_string"}],"inLanguage":"en-US"},{"@type":["Person","Organization"],"@id":"https:\/\/www.quintbuchholz.de\/en\/#\/schema\/person\/09ac99d18f838bb403752c1cbf3b2388","name":"Quint Buchholz","image":{"@type":"ImageObject","inLanguage":"en-US","@id":"https:\/\/www.quintbuchholz.de\/en\/#\/schema\/person\/image\/","url":"https:\/\/secure.gravatar.com\/avatar\/4a284f48ea909d7b59ef1a93da122743?s=96&d=mm&r=g","contentUrl":"https:\/\/secure.gravatar.com\/avatar\/4a284f48ea909d7b59ef1a93da122743?s=96&d=mm&r=g","caption":"Quint Buchholz"},"logo":{"@id":"https:\/\/www.quintbuchholz.de\/en\/#\/schema\/person\/image\/"},"url":"https:\/\/www.quintbuchholz.de\/en\/author\/quint\/"}]}},"jetpack_featured_media_url":"https:\/\/www.quintbuchholz.de\/en\/wp-content\/uploads\/sites\/2\/2016\/01\/1576x54d4b682e04.jpg","jetpack_shortlink":"https:\/\/wp.me\/p75aCj-2a","_links":{"self":[{"href":"https:\/\/www.quintbuchholz.de\/en\/wp-json\/wp\/v2\/posts\/134"}],"collection":[{"href":"https:\/\/www.quintbuchholz.de\/en\/wp-json\/wp\/v2\/posts"}],"about":[{"href":"https:\/\/www.quintbuchholz.de\/en\/wp-json\/wp\/v2\/types\/post"}],"author":[{"embeddable":true,"href":"https:\/\/www.quintbuchholz.de\/en\/wp-json\/wp\/v2\/users\/1"}],"replies":[{"embeddable":true,"href":"https:\/\/www.quintbuchholz.de\/en\/wp-json\/wp\/v2\/comments?post=134"}],"version-history":[{"count":2,"href":"https:\/\/www.quintbuchholz.de\/en\/wp-json\/wp\/v2\/posts\/134\/revisions"}],"predecessor-version":[{"id":242,"href":"https:\/\/www.quintbuchholz.de\/en\/wp-json\/wp\/v2\/posts\/134\/revisions\/242"}],"wp:featuredmedia":[{"embeddable":true,"href":"https:\/\/www.quintbuchholz.de\/en\/wp-json\/wp\/v2\/media\/149"}],"wp:attachment":[{"href":"https:\/\/www.quintbuchholz.de\/en\/wp-json\/wp\/v2\/media?parent=134"}],"wp:term":[{"taxonomy":"category","embeddable":true,"href":"https:\/\/www.quintbuchholz.de\/en\/wp-json\/wp\/v2\/categories?post=134"},{"taxonomy":"post_tag","embeddable":true,"href":"https:\/\/www.quintbuchholz.de\/en\/wp-json\/wp\/v2\/tags?post=134"}],"curies":[{"name":"wp","href":"https:\/\/api.w.org\/{rel}","templated":true}]}}