{"id":1146,"date":"2019-10-24T15:08:06","date_gmt":"2019-10-24T13:08:06","guid":{"rendered":"https:\/\/www.quintbuchholz.de\/en\/?p=1146"},"modified":"2020-01-24T17:09:53","modified_gmt":"2020-01-24T16:09:53","slug":"exhibition-at-the-salon-for-culture-and-communication-munich","status":"publish","type":"post","link":"https:\/\/www.quintbuchholz.de\/en\/2019\/10\/24\/exhibition-at-the-salon-for-culture-and-communication-munich\/","title":{"rendered":"Exhibition at the Salon for Culture and Communication, Munich"},"content":{"rendered":"\n<p><strong>Attention: The gallery will remain closed between December 22, 2019 and January 6, 2020. <\/strong><\/p>\n\n\n\n<p>Beginning November 9, 2019 the gallery situated at Clemensstrasse 9 is once again showing pictures by Quint Buchholz. The exhibition will close with a finissage on January 17, 2020.<\/p>\n\n\n\n<p>More detailed information is also available <a rel=\"noreferrer noopener\" href=\"http:\/\/www.clemensstrasse9.de\/\" target=\"_blank\">on the website of the Salon for Culture and Communication<\/a>.<\/p>\n\n\n\n<p>Times and location:<\/p>\n\n\n\n<p>Finissage: <br>Friday, January 17, 2020 beginning at 4 p.m.<\/p>\n\n\n\n<p>Salon f\u00fcr Kultur und Kommunikation<br>Rosa Ronstedt<br>Clemensstra\u00dfe 9<br>80801 M\u00fcnchen<\/p>\n\n\n\n<p>Opening hours: <br>Tuesdays and Fridays from 2 &#8211; 7 p.m. <br>and by appointment<\/p>\n","protected":false},"excerpt":{"rendered":"<p>Attention: The gallery will remain closed between December 22, 2019 and January 6, 2020. Beginning November 9, 2019 the gallery situated at Clemensstrasse 9 is once again showing pictures by Quint Buchholz. The exhibition will close with a finissage on January 17, 2020. More detailed information is also available on the website of the Salon [&hellip;]<\/p>\n","protected":false},"author":1,"featured_media":1147,"comment_status":"closed","ping_status":"closed","sticky":false,"template":"","format":"standard","meta":{"jetpack_post_was_ever_published":false},"categories":[1],"tags":[],"yoast_head":"<!-- This site is optimized with the Yoast SEO plugin v19.9 - https:\/\/yoast.com\/wordpress\/plugins\/seo\/ -->\n<title>Exhibition at the Salon for Culture and Communication, Munich | Quint Buchholz<\/title>\n<meta name=\"robots\" content=\"index, follow, max-snippet:-1, max-image-preview:large, max-video-preview:-1\" \/>\n<link rel=\"canonical\" href=\"https:\/\/www.quintbuchholz.de\/en\/2019\/10\/24\/exhibition-at-the-salon-for-culture-and-communication-munich\/\" \/>\n<meta property=\"og:locale\" content=\"en_US\" \/>\n<meta property=\"og:type\" content=\"article\" \/>\n<meta property=\"og:title\" content=\"Exhibition at the Salon for Culture and Communication, Munich | Quint Buchholz\" \/>\n<meta property=\"og:description\" content=\"Attention: The gallery will remain closed between December 22, 2019 and January 6, 2020. Beginning November 9, 2019 the gallery situated at Clemensstrasse 9 is once again showing pictures by Quint Buchholz. The exhibition will close with a finissage on January 17, 2020. More detailed information is also available on the website of the Salon [&hellip;]\" \/>\n<meta property=\"og:url\" content=\"https:\/\/www.quintbuchholz.de\/en\/2019\/10\/24\/exhibition-at-the-salon-for-culture-and-communication-munich\/\" \/>\n<meta property=\"og:site_name\" content=\"Quint Buchholz\" \/>\n<meta property=\"article:published_time\" content=\"2019-10-24T13:08:06+00:00\" \/>\n<meta property=\"article:modified_time\" content=\"2020-01-24T16:09:53+00:00\" \/>\n<meta property=\"og:image\" content=\"https:\/\/www.quintbuchholz.de\/en\/wp-content\/uploads\/sites\/2\/2019\/05\/Frueher_Morgen_III_kleiner.jpg\" \/>\n\t<meta property=\"og:image:width\" content=\"541\" \/>\n\t<meta property=\"og:image:height\" content=\"800\" \/>\n\t<meta property=\"og:image:type\" content=\"image\/jpeg\" \/>\n<meta name=\"author\" content=\"Quint Buchholz\" \/>\n<meta name=\"twitter:card\" content=\"summary_large_image\" \/>\n<meta name=\"twitter:label1\" content=\"Written by\" \/>\n\t<meta name=\"twitter:data1\" content=\"Quint Buchholz\" \/>\n<script type=\"application\/ld+json\" class=\"yoast-schema-graph\">{\"@context\":\"https:\/\/schema.org\",\"@graph\":[{\"@type\":\"Article\",\"@id\":\"https:\/\/www.quintbuchholz.de\/en\/2019\/10\/24\/exhibition-at-the-salon-for-culture-and-communication-munich\/#article\",\"isPartOf\":{\"@id\":\"https:\/\/www.quintbuchholz.de\/en\/2019\/10\/24\/exhibition-at-the-salon-for-culture-and-communication-munich\/\"},\"author\":{\"name\":\"Quint Buchholz\",\"@id\":\"https:\/\/www.quintbuchholz.de\/en\/#\/schema\/person\/09ac99d18f838bb403752c1cbf3b2388\"},\"headline\":\"Exhibition at the Salon for Culture and Communication, Munich\",\"datePublished\":\"2019-10-24T13:08:06+00:00\",\"dateModified\":\"2020-01-24T16:09:53+00:00\",\"mainEntityOfPage\":{\"@id\":\"https:\/\/www.quintbuchholz.de\/en\/2019\/10\/24\/exhibition-at-the-salon-for-culture-and-communication-munich\/\"},\"wordCount\":91,\"publisher\":{\"@id\":\"https:\/\/www.quintbuchholz.de\/en\/#\/schema\/person\/09ac99d18f838bb403752c1cbf3b2388\"},\"articleSection\":[\"General\"],\"inLanguage\":\"en-US\"},{\"@type\":\"WebPage\",\"@id\":\"https:\/\/www.quintbuchholz.de\/en\/2019\/10\/24\/exhibition-at-the-salon-for-culture-and-communication-munich\/\",\"url\":\"https:\/\/www.quintbuchholz.de\/en\/2019\/10\/24\/exhibition-at-the-salon-for-culture-and-communication-munich\/\",\"name\":\"Exhibition at the Salon for Culture and Communication, Munich | Quint Buchholz\",\"isPartOf\":{\"@id\":\"https:\/\/www.quintbuchholz.de\/en\/#website\"},\"datePublished\":\"2019-10-24T13:08:06+00:00\",\"dateModified\":\"2020-01-24T16:09:53+00:00\",\"breadcrumb\":{\"@id\":\"https:\/\/www.quintbuchholz.de\/en\/2019\/10\/24\/exhibition-at-the-salon-for-culture-and-communication-munich\/#breadcrumb\"},\"inLanguage\":\"en-US\",\"potentialAction\":[{\"@type\":\"ReadAction\",\"target\":[\"https:\/\/www.quintbuchholz.de\/en\/2019\/10\/24\/exhibition-at-the-salon-for-culture-and-communication-munich\/\"]}]},{\"@type\":\"BreadcrumbList\",\"@id\":\"https:\/\/www.quintbuchholz.de\/en\/2019\/10\/24\/exhibition-at-the-salon-for-culture-and-communication-munich\/#breadcrumb\",\"itemListElement\":[{\"@type\":\"ListItem\",\"position\":1,\"name\":\"Startseite\",\"item\":\"https:\/\/www.quintbuchholz.de\/en\/\"},{\"@type\":\"ListItem\",\"position\":2,\"name\":\"Exhibition at the Salon for Culture and Communication, Munich\"}]},{\"@type\":\"WebSite\",\"@id\":\"https:\/\/www.quintbuchholz.de\/en\/#website\",\"url\":\"https:\/\/www.quintbuchholz.de\/en\/\",\"name\":\"Quint Buchholz\",\"description\":\"\",\"publisher\":{\"@id\":\"https:\/\/www.quintbuchholz.de\/en\/#\/schema\/person\/09ac99d18f838bb403752c1cbf3b2388\"},\"potentialAction\":[{\"@type\":\"SearchAction\",\"target\":{\"@type\":\"EntryPoint\",\"urlTemplate\":\"https:\/\/www.quintbuchholz.de\/en\/?s={search_term_string}\"},\"query-input\":\"required name=search_term_string\"}],\"inLanguage\":\"en-US\"},{\"@type\":[\"Person\",\"Organization\"],\"@id\":\"https:\/\/www.quintbuchholz.de\/en\/#\/schema\/person\/09ac99d18f838bb403752c1cbf3b2388\",\"name\":\"Quint Buchholz\",\"image\":{\"@type\":\"ImageObject\",\"inLanguage\":\"en-US\",\"@id\":\"https:\/\/www.quintbuchholz.de\/en\/#\/schema\/person\/image\/\",\"url\":\"https:\/\/secure.gravatar.com\/avatar\/4a284f48ea909d7b59ef1a93da122743?s=96&d=mm&r=g\",\"contentUrl\":\"https:\/\/secure.gravatar.com\/avatar\/4a284f48ea909d7b59ef1a93da122743?s=96&d=mm&r=g\",\"caption\":\"Quint Buchholz\"},\"logo\":{\"@id\":\"https:\/\/www.quintbuchholz.de\/en\/#\/schema\/person\/image\/\"},\"url\":\"https:\/\/www.quintbuchholz.de\/en\/author\/quint\/\"}]}<\/script>\n<!-- \/ Yoast SEO plugin. -->","yoast_head_json":{"title":"Exhibition at the Salon for Culture and Communication, Munich | Quint Buchholz","robots":{"index":"index","follow":"follow","max-snippet":"max-snippet:-1","max-image-preview":"max-image-preview:large","max-video-preview":"max-video-preview:-1"},"canonical":"https:\/\/www.quintbuchholz.de\/en\/2019\/10\/24\/exhibition-at-the-salon-for-culture-and-communication-munich\/","og_locale":"en_US","og_type":"article","og_title":"Exhibition at the Salon for Culture and Communication, Munich | Quint Buchholz","og_description":"Attention: The gallery will remain closed between December 22, 2019 and January 6, 2020. Beginning November 9, 2019 the gallery situated at Clemensstrasse 9 is once again showing pictures by Quint Buchholz. The exhibition will close with a finissage on January 17, 2020. More detailed information is also available on the website of the Salon [&hellip;]","og_url":"https:\/\/www.quintbuchholz.de\/en\/2019\/10\/24\/exhibition-at-the-salon-for-culture-and-communication-munich\/","og_site_name":"Quint Buchholz","article_published_time":"2019-10-24T13:08:06+00:00","article_modified_time":"2020-01-24T16:09:53+00:00","og_image":[{"width":541,"height":800,"url":"https:\/\/www.quintbuchholz.de\/en\/wp-content\/uploads\/sites\/2\/2019\/05\/Frueher_Morgen_III_kleiner.jpg","type":"image\/jpeg"}],"author":"Quint Buchholz","twitter_card":"summary_large_image","twitter_misc":{"Written by":"Quint Buchholz"},"schema":{"@context":"https:\/\/schema.org","@graph":[{"@type":"Article","@id":"https:\/\/www.quintbuchholz.de\/en\/2019\/10\/24\/exhibition-at-the-salon-for-culture-and-communication-munich\/#article","isPartOf":{"@id":"https:\/\/www.quintbuchholz.de\/en\/2019\/10\/24\/exhibition-at-the-salon-for-culture-and-communication-munich\/"},"author":{"name":"Quint Buchholz","@id":"https:\/\/www.quintbuchholz.de\/en\/#\/schema\/person\/09ac99d18f838bb403752c1cbf3b2388"},"headline":"Exhibition at the Salon for Culture and Communication, Munich","datePublished":"2019-10-24T13:08:06+00:00","dateModified":"2020-01-24T16:09:53+00:00","mainEntityOfPage":{"@id":"https:\/\/www.quintbuchholz.de\/en\/2019\/10\/24\/exhibition-at-the-salon-for-culture-and-communication-munich\/"},"wordCount":91,"publisher":{"@id":"https:\/\/www.quintbuchholz.de\/en\/#\/schema\/person\/09ac99d18f838bb403752c1cbf3b2388"},"articleSection":["General"],"inLanguage":"en-US"},{"@type":"WebPage","@id":"https:\/\/www.quintbuchholz.de\/en\/2019\/10\/24\/exhibition-at-the-salon-for-culture-and-communication-munich\/","url":"https:\/\/www.quintbuchholz.de\/en\/2019\/10\/24\/exhibition-at-the-salon-for-culture-and-communication-munich\/","name":"Exhibition at the Salon for Culture and Communication, Munich | Quint Buchholz","isPartOf":{"@id":"https:\/\/www.quintbuchholz.de\/en\/#website"},"datePublished":"2019-10-24T13:08:06+00:00","dateModified":"2020-01-24T16:09:53+00:00","breadcrumb":{"@id":"https:\/\/www.quintbuchholz.de\/en\/2019\/10\/24\/exhibition-at-the-salon-for-culture-and-communication-munich\/#breadcrumb"},"inLanguage":"en-US","potentialAction":[{"@type":"ReadAction","target":["https:\/\/www.quintbuchholz.de\/en\/2019\/10\/24\/exhibition-at-the-salon-for-culture-and-communication-munich\/"]}]},{"@type":"BreadcrumbList","@id":"https:\/\/www.quintbuchholz.de\/en\/2019\/10\/24\/exhibition-at-the-salon-for-culture-and-communication-munich\/#breadcrumb","itemListElement":[{"@type":"ListItem","position":1,"name":"Startseite","item":"https:\/\/www.quintbuchholz.de\/en\/"},{"@type":"ListItem","position":2,"name":"Exhibition at the Salon for Culture and Communication, Munich"}]},{"@type":"WebSite","@id":"https:\/\/www.quintbuchholz.de\/en\/#website","url":"https:\/\/www.quintbuchholz.de\/en\/","name":"Quint Buchholz","description":"","publisher":{"@id":"https:\/\/www.quintbuchholz.de\/en\/#\/schema\/person\/09ac99d18f838bb403752c1cbf3b2388"},"potentialAction":[{"@type":"SearchAction","target":{"@type":"EntryPoint","urlTemplate":"https:\/\/www.quintbuchholz.de\/en\/?s={search_term_string}"},"query-input":"required name=search_term_string"}],"inLanguage":"en-US"},{"@type":["Person","Organization"],"@id":"https:\/\/www.quintbuchholz.de\/en\/#\/schema\/person\/09ac99d18f838bb403752c1cbf3b2388","name":"Quint Buchholz","image":{"@type":"ImageObject","inLanguage":"en-US","@id":"https:\/\/www.quintbuchholz.de\/en\/#\/schema\/person\/image\/","url":"https:\/\/secure.gravatar.com\/avatar\/4a284f48ea909d7b59ef1a93da122743?s=96&d=mm&r=g","contentUrl":"https:\/\/secure.gravatar.com\/avatar\/4a284f48ea909d7b59ef1a93da122743?s=96&d=mm&r=g","caption":"Quint Buchholz"},"logo":{"@id":"https:\/\/www.quintbuchholz.de\/en\/#\/schema\/person\/image\/"},"url":"https:\/\/www.quintbuchholz.de\/en\/author\/quint\/"}]}},"jetpack_featured_media_url":"https:\/\/www.quintbuchholz.de\/en\/wp-content\/uploads\/sites\/2\/2019\/05\/Frueher_Morgen_III_kleiner.jpg","jetpack_shortlink":"https:\/\/wp.me\/p75aCj-iu","_links":{"self":[{"href":"https:\/\/www.quintbuchholz.de\/en\/wp-json\/wp\/v2\/posts\/1146"}],"collection":[{"href":"https:\/\/www.quintbuchholz.de\/en\/wp-json\/wp\/v2\/posts"}],"about":[{"href":"https:\/\/www.quintbuchholz.de\/en\/wp-json\/wp\/v2\/types\/post"}],"author":[{"embeddable":true,"href":"https:\/\/www.quintbuchholz.de\/en\/wp-json\/wp\/v2\/users\/1"}],"replies":[{"embeddable":true,"href":"https:\/\/www.quintbuchholz.de\/en\/wp-json\/wp\/v2\/comments?post=1146"}],"version-history":[{"count":9,"href":"https:\/\/www.quintbuchholz.de\/en\/wp-json\/wp\/v2\/posts\/1146\/revisions"}],"predecessor-version":[{"id":1410,"href":"https:\/\/www.quintbuchholz.de\/en\/wp-json\/wp\/v2\/posts\/1146\/revisions\/1410"}],"wp:featuredmedia":[{"embeddable":true,"href":"https:\/\/www.quintbuchholz.de\/en\/wp-json\/wp\/v2\/media\/1147"}],"wp:attachment":[{"href":"https:\/\/www.quintbuchholz.de\/en\/wp-json\/wp\/v2\/media?parent=1146"}],"wp:term":[{"taxonomy":"category","embeddable":true,"href":"https:\/\/www.quintbuchholz.de\/en\/wp-json\/wp\/v2\/categories?post=1146"},{"taxonomy":"post_tag","embeddable":true,"href":"https:\/\/www.quintbuchholz.de\/en\/wp-json\/wp\/v2\/tags?post=1146"}],"curies":[{"name":"wp","href":"https:\/\/api.w.org\/{rel}","templated":true}]}}