{"id":1012,"date":"2018-09-21T17:30:40","date_gmt":"2018-09-21T15:30:40","guid":{"rendered":"https:\/\/www.quintbuchholz.de\/en\/?p=1012"},"modified":"2018-12-07T12:02:36","modified_gmt":"2018-12-07T11:02:36","slug":"1012","status":"publish","type":"post","link":"https:\/\/www.quintbuchholz.de\/en\/2018\/09\/21\/1012\/","title":{"rendered":"Quint Buchholz at the International Book Festival, Po\u017eega"},"content":{"rendered":"<p>From October 4th to 6th, 2018 the International Picture Book Festival &#8220;\u010cigra&#8221; is taking place, organized by the National Library Po\u017eega and the Goethe Institute Serbia. This year&#8217;s special guest is Quint Buchholz.<\/p>\n<p>His pictures will be on exhibition at the National Library Po\u017eega. Moreover, Quint Buchholz will be hosting the Literature Caf\u00e9 on October 5th, a talk and workshop for teenagers on the topic of &#8220;Picture Books for Adults&#8221;.<\/p>\n<p>More information about this event is available <a href=\"https:\/\/www.goethe.de\/ins\/cs\/de\/ver.cfm?fuseaction=events.detail&amp;event_id=21364980\" target=\"_blank\" rel=\"noopener\">on the website of the Goethe Institute Serbia<\/a>.<\/p>\n<p>&nbsp;<\/p>\n<p>Time and location:<\/p>\n<p class=\"vkDatum\">October 5, 2018, 12 p.m.<\/p>\n<p class=\"vkEvent\">National Library Po\u017eega<br \/>\nKralja Aleksandra 8<br \/>\n31210 Po\u017eega<\/p>\n","protected":false},"excerpt":{"rendered":"<p>From October 4th to 6th, 2018 the International Picture Book Festival &#8220;\u010cigra&#8221; is taking place, organized by the National Library Po\u017eega and the Goethe Institute Serbia. This year&#8217;s special guest is Quint Buchholz. His pictures will be on exhibition at the National Library Po\u017eega. Moreover, Quint Buchholz will be hosting the Literature Caf\u00e9 on October [&hellip;]<\/p>\n","protected":false},"author":1,"featured_media":1013,"comment_status":"closed","ping_status":"closed","sticky":false,"template":"","format":"standard","meta":{"jetpack_post_was_ever_published":false},"categories":[1],"tags":[],"yoast_head":"<!-- This site is optimized with the Yoast SEO plugin v19.9 - https:\/\/yoast.com\/wordpress\/plugins\/seo\/ -->\n<title>Quint Buchholz at the International Book Festival, Po\u017eega | Quint Buchholz<\/title>\n<meta name=\"robots\" content=\"index, follow, max-snippet:-1, max-image-preview:large, max-video-preview:-1\" \/>\n<link rel=\"canonical\" href=\"https:\/\/www.quintbuchholz.de\/en\/2018\/09\/21\/1012\/\" \/>\n<meta property=\"og:locale\" content=\"en_US\" \/>\n<meta property=\"og:type\" content=\"article\" \/>\n<meta property=\"og:title\" content=\"Quint Buchholz at the International Book Festival, Po\u017eega | Quint Buchholz\" \/>\n<meta property=\"og:description\" content=\"From October 4th to 6th, 2018 the International Picture Book Festival &#8220;\u010cigra&#8221; is taking place, organized by the National Library Po\u017eega and the Goethe Institute Serbia. This year&#8217;s special guest is Quint Buchholz. His pictures will be on exhibition at the National Library Po\u017eega. Moreover, Quint Buchholz will be hosting the Literature Caf\u00e9 on October [&hellip;]\" \/>\n<meta property=\"og:url\" content=\"https:\/\/www.quintbuchholz.de\/en\/2018\/09\/21\/1012\/\" \/>\n<meta property=\"og:site_name\" content=\"Quint Buchholz\" \/>\n<meta property=\"article:published_time\" content=\"2018-09-21T15:30:40+00:00\" \/>\n<meta property=\"article:modified_time\" content=\"2018-12-07T11:02:36+00:00\" \/>\n<meta property=\"og:image\" content=\"https:\/\/www.quintbuchholz.de\/en\/wp-content\/uploads\/sites\/2\/2018\/09\/Morgen_1997_\u00a9_Quint_Buchholz_kleiner.jpg\" \/>\n\t<meta property=\"og:image:width\" content=\"680\" \/>\n\t<meta property=\"og:image:height\" content=\"800\" \/>\n\t<meta property=\"og:image:type\" content=\"image\/jpeg\" \/>\n<meta name=\"author\" content=\"Quint Buchholz\" \/>\n<meta name=\"twitter:card\" content=\"summary_large_image\" \/>\n<meta name=\"twitter:label1\" content=\"Written by\" \/>\n\t<meta name=\"twitter:data1\" content=\"Quint Buchholz\" \/>\n\t<meta name=\"twitter:label2\" content=\"Est. reading time\" \/>\n\t<meta name=\"twitter:data2\" content=\"1 minute\" \/>\n<script type=\"application\/ld+json\" class=\"yoast-schema-graph\">{\"@context\":\"https:\/\/schema.org\",\"@graph\":[{\"@type\":\"Article\",\"@id\":\"https:\/\/www.quintbuchholz.de\/en\/2018\/09\/21\/1012\/#article\",\"isPartOf\":{\"@id\":\"https:\/\/www.quintbuchholz.de\/en\/2018\/09\/21\/1012\/\"},\"author\":{\"name\":\"Quint Buchholz\",\"@id\":\"https:\/\/www.quintbuchholz.de\/en\/#\/schema\/person\/09ac99d18f838bb403752c1cbf3b2388\"},\"headline\":\"Quint Buchholz at the International Book Festival, Po\u017eega\",\"datePublished\":\"2018-09-21T15:30:40+00:00\",\"dateModified\":\"2018-12-07T11:02:36+00:00\",\"mainEntityOfPage\":{\"@id\":\"https:\/\/www.quintbuchholz.de\/en\/2018\/09\/21\/1012\/\"},\"wordCount\":111,\"publisher\":{\"@id\":\"https:\/\/www.quintbuchholz.de\/en\/#\/schema\/person\/09ac99d18f838bb403752c1cbf3b2388\"},\"articleSection\":[\"General\"],\"inLanguage\":\"en-US\"},{\"@type\":\"WebPage\",\"@id\":\"https:\/\/www.quintbuchholz.de\/en\/2018\/09\/21\/1012\/\",\"url\":\"https:\/\/www.quintbuchholz.de\/en\/2018\/09\/21\/1012\/\",\"name\":\"Quint Buchholz at the International Book Festival, Po\u017eega | Quint Buchholz\",\"isPartOf\":{\"@id\":\"https:\/\/www.quintbuchholz.de\/en\/#website\"},\"datePublished\":\"2018-09-21T15:30:40+00:00\",\"dateModified\":\"2018-12-07T11:02:36+00:00\",\"breadcrumb\":{\"@id\":\"https:\/\/www.quintbuchholz.de\/en\/2018\/09\/21\/1012\/#breadcrumb\"},\"inLanguage\":\"en-US\",\"potentialAction\":[{\"@type\":\"ReadAction\",\"target\":[\"https:\/\/www.quintbuchholz.de\/en\/2018\/09\/21\/1012\/\"]}]},{\"@type\":\"BreadcrumbList\",\"@id\":\"https:\/\/www.quintbuchholz.de\/en\/2018\/09\/21\/1012\/#breadcrumb\",\"itemListElement\":[{\"@type\":\"ListItem\",\"position\":1,\"name\":\"Startseite\",\"item\":\"https:\/\/www.quintbuchholz.de\/en\/\"},{\"@type\":\"ListItem\",\"position\":2,\"name\":\"Quint Buchholz at the International Book Festival, Po\u017eega\"}]},{\"@type\":\"WebSite\",\"@id\":\"https:\/\/www.quintbuchholz.de\/en\/#website\",\"url\":\"https:\/\/www.quintbuchholz.de\/en\/\",\"name\":\"Quint Buchholz\",\"description\":\"\",\"publisher\":{\"@id\":\"https:\/\/www.quintbuchholz.de\/en\/#\/schema\/person\/09ac99d18f838bb403752c1cbf3b2388\"},\"potentialAction\":[{\"@type\":\"SearchAction\",\"target\":{\"@type\":\"EntryPoint\",\"urlTemplate\":\"https:\/\/www.quintbuchholz.de\/en\/?s={search_term_string}\"},\"query-input\":\"required name=search_term_string\"}],\"inLanguage\":\"en-US\"},{\"@type\":[\"Person\",\"Organization\"],\"@id\":\"https:\/\/www.quintbuchholz.de\/en\/#\/schema\/person\/09ac99d18f838bb403752c1cbf3b2388\",\"name\":\"Quint Buchholz\",\"image\":{\"@type\":\"ImageObject\",\"inLanguage\":\"en-US\",\"@id\":\"https:\/\/www.quintbuchholz.de\/en\/#\/schema\/person\/image\/\",\"url\":\"https:\/\/secure.gravatar.com\/avatar\/4a284f48ea909d7b59ef1a93da122743?s=96&d=mm&r=g\",\"contentUrl\":\"https:\/\/secure.gravatar.com\/avatar\/4a284f48ea909d7b59ef1a93da122743?s=96&d=mm&r=g\",\"caption\":\"Quint Buchholz\"},\"logo\":{\"@id\":\"https:\/\/www.quintbuchholz.de\/en\/#\/schema\/person\/image\/\"},\"url\":\"https:\/\/www.quintbuchholz.de\/en\/author\/quint\/\"}]}<\/script>\n<!-- \/ Yoast SEO plugin. -->","yoast_head_json":{"title":"Quint Buchholz at the International Book Festival, Po\u017eega | Quint Buchholz","robots":{"index":"index","follow":"follow","max-snippet":"max-snippet:-1","max-image-preview":"max-image-preview:large","max-video-preview":"max-video-preview:-1"},"canonical":"https:\/\/www.quintbuchholz.de\/en\/2018\/09\/21\/1012\/","og_locale":"en_US","og_type":"article","og_title":"Quint Buchholz at the International Book Festival, Po\u017eega | Quint Buchholz","og_description":"From October 4th to 6th, 2018 the International Picture Book Festival &#8220;\u010cigra&#8221; is taking place, organized by the National Library Po\u017eega and the Goethe Institute Serbia. This year&#8217;s special guest is Quint Buchholz. His pictures will be on exhibition at the National Library Po\u017eega. Moreover, Quint Buchholz will be hosting the Literature Caf\u00e9 on October [&hellip;]","og_url":"https:\/\/www.quintbuchholz.de\/en\/2018\/09\/21\/1012\/","og_site_name":"Quint Buchholz","article_published_time":"2018-09-21T15:30:40+00:00","article_modified_time":"2018-12-07T11:02:36+00:00","og_image":[{"width":680,"height":800,"url":"https:\/\/www.quintbuchholz.de\/en\/wp-content\/uploads\/sites\/2\/2018\/09\/Morgen_1997_\u00a9_Quint_Buchholz_kleiner.jpg","type":"image\/jpeg"}],"author":"Quint Buchholz","twitter_card":"summary_large_image","twitter_misc":{"Written by":"Quint Buchholz","Est. reading time":"1 minute"},"schema":{"@context":"https:\/\/schema.org","@graph":[{"@type":"Article","@id":"https:\/\/www.quintbuchholz.de\/en\/2018\/09\/21\/1012\/#article","isPartOf":{"@id":"https:\/\/www.quintbuchholz.de\/en\/2018\/09\/21\/1012\/"},"author":{"name":"Quint Buchholz","@id":"https:\/\/www.quintbuchholz.de\/en\/#\/schema\/person\/09ac99d18f838bb403752c1cbf3b2388"},"headline":"Quint Buchholz at the International Book Festival, Po\u017eega","datePublished":"2018-09-21T15:30:40+00:00","dateModified":"2018-12-07T11:02:36+00:00","mainEntityOfPage":{"@id":"https:\/\/www.quintbuchholz.de\/en\/2018\/09\/21\/1012\/"},"wordCount":111,"publisher":{"@id":"https:\/\/www.quintbuchholz.de\/en\/#\/schema\/person\/09ac99d18f838bb403752c1cbf3b2388"},"articleSection":["General"],"inLanguage":"en-US"},{"@type":"WebPage","@id":"https:\/\/www.quintbuchholz.de\/en\/2018\/09\/21\/1012\/","url":"https:\/\/www.quintbuchholz.de\/en\/2018\/09\/21\/1012\/","name":"Quint Buchholz at the International Book Festival, Po\u017eega | Quint Buchholz","isPartOf":{"@id":"https:\/\/www.quintbuchholz.de\/en\/#website"},"datePublished":"2018-09-21T15:30:40+00:00","dateModified":"2018-12-07T11:02:36+00:00","breadcrumb":{"@id":"https:\/\/www.quintbuchholz.de\/en\/2018\/09\/21\/1012\/#breadcrumb"},"inLanguage":"en-US","potentialAction":[{"@type":"ReadAction","target":["https:\/\/www.quintbuchholz.de\/en\/2018\/09\/21\/1012\/"]}]},{"@type":"BreadcrumbList","@id":"https:\/\/www.quintbuchholz.de\/en\/2018\/09\/21\/1012\/#breadcrumb","itemListElement":[{"@type":"ListItem","position":1,"name":"Startseite","item":"https:\/\/www.quintbuchholz.de\/en\/"},{"@type":"ListItem","position":2,"name":"Quint Buchholz at the International Book Festival, Po\u017eega"}]},{"@type":"WebSite","@id":"https:\/\/www.quintbuchholz.de\/en\/#website","url":"https:\/\/www.quintbuchholz.de\/en\/","name":"Quint Buchholz","description":"","publisher":{"@id":"https:\/\/www.quintbuchholz.de\/en\/#\/schema\/person\/09ac99d18f838bb403752c1cbf3b2388"},"potentialAction":[{"@type":"SearchAction","target":{"@type":"EntryPoint","urlTemplate":"https:\/\/www.quintbuchholz.de\/en\/?s={search_term_string}"},"query-input":"required name=search_term_string"}],"inLanguage":"en-US"},{"@type":["Person","Organization"],"@id":"https:\/\/www.quintbuchholz.de\/en\/#\/schema\/person\/09ac99d18f838bb403752c1cbf3b2388","name":"Quint Buchholz","image":{"@type":"ImageObject","inLanguage":"en-US","@id":"https:\/\/www.quintbuchholz.de\/en\/#\/schema\/person\/image\/","url":"https:\/\/secure.gravatar.com\/avatar\/4a284f48ea909d7b59ef1a93da122743?s=96&d=mm&r=g","contentUrl":"https:\/\/secure.gravatar.com\/avatar\/4a284f48ea909d7b59ef1a93da122743?s=96&d=mm&r=g","caption":"Quint Buchholz"},"logo":{"@id":"https:\/\/www.quintbuchholz.de\/en\/#\/schema\/person\/image\/"},"url":"https:\/\/www.quintbuchholz.de\/en\/author\/quint\/"}]}},"jetpack_featured_media_url":"https:\/\/www.quintbuchholz.de\/en\/wp-content\/uploads\/sites\/2\/2018\/09\/Morgen_1997_\u00a9_Quint_Buchholz_kleiner.jpg","jetpack_shortlink":"https:\/\/wp.me\/s75aCj-1012","_links":{"self":[{"href":"https:\/\/www.quintbuchholz.de\/en\/wp-json\/wp\/v2\/posts\/1012"}],"collection":[{"href":"https:\/\/www.quintbuchholz.de\/en\/wp-json\/wp\/v2\/posts"}],"about":[{"href":"https:\/\/www.quintbuchholz.de\/en\/wp-json\/wp\/v2\/types\/post"}],"author":[{"embeddable":true,"href":"https:\/\/www.quintbuchholz.de\/en\/wp-json\/wp\/v2\/users\/1"}],"replies":[{"embeddable":true,"href":"https:\/\/www.quintbuchholz.de\/en\/wp-json\/wp\/v2\/comments?post=1012"}],"version-history":[{"count":2,"href":"https:\/\/www.quintbuchholz.de\/en\/wp-json\/wp\/v2\/posts\/1012\/revisions"}],"predecessor-version":[{"id":1015,"href":"https:\/\/www.quintbuchholz.de\/en\/wp-json\/wp\/v2\/posts\/1012\/revisions\/1015"}],"wp:featuredmedia":[{"embeddable":true,"href":"https:\/\/www.quintbuchholz.de\/en\/wp-json\/wp\/v2\/media\/1013"}],"wp:attachment":[{"href":"https:\/\/www.quintbuchholz.de\/en\/wp-json\/wp\/v2\/media?parent=1012"}],"wp:term":[{"taxonomy":"category","embeddable":true,"href":"https:\/\/www.quintbuchholz.de\/en\/wp-json\/wp\/v2\/categories?post=1012"},{"taxonomy":"post_tag","embeddable":true,"href":"https:\/\/www.quintbuchholz.de\/en\/wp-json\/wp\/v2\/tags?post=1012"}],"curies":[{"name":"wp","href":"https:\/\/api.w.org\/{rel}","templated":true}]}}